{"id":832,"date":"2019-08-26T19:14:40","date_gmt":"2019-08-26T17:14:40","guid":{"rendered":"http:\/\/tradgard.gillgren.se\/?p=832"},"modified":"2019-08-26T19:14:40","modified_gmt":"2019-08-26T17:14:40","slug":"sensommar","status":"publish","type":"post","link":"http:\/\/tradgard.gillgren.se\/?p=832","title":{"rendered":"Sensommar"},"content":{"rendered":"\n<p>Sommaren har nu \u00f6verg\u00e5tt i sensommar. Det \u00e4r n\u00e5got visst med ljuset den h\u00e4r tiden tycker jag. Solljuset \u00e4r lite r\u00f6dare och ger ett varmare sken. Kv\u00e4llarna \u00e4r ocks\u00e5 h\u00e4rliga n\u00e4r det b\u00f6rjar m\u00f6rkna. Det k\u00e4nns s\u00e5 ombonat med alla ljuslyktor. \u00d6ver matbordet h\u00e4nger en fotogenlampa. Vi brukar fortfarande sitta ute och \u00e4ta. \u00c4r kv\u00e4llen ljummen, som det varit nu, sitter vi ett par timmar till. Sen g\u00e5r vi ut med Vovven.<\/p>\n\n\n\n<figure class=\"wp-block-image\"><img loading=\"lazy\" decoding=\"async\" width=\"768\" height=\"1024\" src=\"http:\/\/mediablomma.gillgren.se\/2019\/08\/20190804_4139-768x1024.jpg\" alt=\"\" class=\"wp-image-828\" srcset=\"http:\/\/mediablomma.gillgren.se\/2019\/08\/20190804_4139-768x1024.jpg 768w, http:\/\/mediablomma.gillgren.se\/2019\/08\/20190804_4139-225x300.jpg 225w, http:\/\/mediablomma.gillgren.se\/2019\/08\/20190804_4139-619x825.jpg 619w, http:\/\/mediablomma.gillgren.se\/2019\/08\/20190804_4139.jpg 1024w\" sizes=\"auto, (max-width: 768px) 100vw, 768px\" \/><figcaption>Hos Rappnes tr\u00e4dg\u00e5rd i Ulriksdal kan man sj\u00e4lv plocka ihop sin bukett och betala efter vikt.<\/figcaption><\/figure>\n\n\n\n<p>Snittblommorna som jag f\u00f6rkultiverade i v\u00e5ras blommar nu f\u00f6r fullt. Ringblommor, som doftar s\u00e5 gott, och krassen som liksom b\u00f6ljar fram ur sin kruka. J\u00e4ttefina. Bladen \u00e4r marmorerade i gr\u00f6nt och gulvitt. Det \u00e4r s\u00e5 roligt att plocka minibuketter och s\u00e4tta i sm\u00e5 vaser. Vill jag ha st\u00f6rre buketter \u00e5ker jag till Rappnes sj\u00e4lvplock och verkligen frossar i fantastiska blomsterodlingar.<\/p>\n\n\n\n<figure class=\"wp-block-image\"><img loading=\"lazy\" decoding=\"async\" width=\"1024\" height=\"486\" src=\"http:\/\/mediablomma.gillgren.se\/2019\/08\/20190810_4173-1024x486.jpg\" alt=\"\" class=\"wp-image-829\" srcset=\"http:\/\/mediablomma.gillgren.se\/2019\/08\/20190810_4173.jpg 1024w, http:\/\/mediablomma.gillgren.se\/2019\/08\/20190810_4173-300x142.jpg 300w, http:\/\/mediablomma.gillgren.se\/2019\/08\/20190810_4173-768x365.jpg 768w, http:\/\/mediablomma.gillgren.se\/2019\/08\/20190810_4173-619x294.jpg 619w\" sizes=\"auto, (max-width: 1024px) 100vw, 1024px\" \/><figcaption>I Bergianska tr\u00e4dg\u00e5rden har de planterat \u00e4ngsblommor i en del av parken.<br>Kanske f\u00f6r att gynna humlor och andra pollinerare.<\/figcaption><\/figure>\n\n\n\n<p>F\u00f6r n\u00e5gra veckor sedan var vi och gick i Bergianska i Frescati. D\u00e4r \u00e4r s\u00e5 vackert vid den h\u00e4r tiden. Dahliorna blommade. Det \u00e4r otroligt vilken blomma det \u00e4r. Den finns i massor av f\u00e4rger och former. Vi avslutade promenaden med att bes\u00f6ka Gamla Orangeriet f\u00f6r att fika. Vovven b\u00f6rjar f\u00e5 till det d\u00e4r med att fika p\u00e5 uteservering.<\/p>\n\n\n\n<p>Jag brukar alltid ta en mandelkaka till kaffet, den \u00e4r s\u00e5 god. Nu provade jag ocks\u00e5 en rawfood boll. Och blev v\u00e4ldigt \u00f6verraskad. Den k\u00e4ndes s\u00e5 nyttig. N\u00e4r jag kom hem googlade jag och fann massor av recept. Jag skrev ut en handfull. Ett har jag redan provat, med ingef\u00e4ra och lime. Nu ska jag prova de andra.<\/p>\n\n\n\n<figure class=\"wp-block-image\"><img loading=\"lazy\" decoding=\"async\" width=\"1024\" height=\"473\" src=\"http:\/\/mediablomma.gillgren.se\/2019\/08\/20190811_4183-1024x473.jpg\" alt=\"\" class=\"wp-image-830\" srcset=\"http:\/\/mediablomma.gillgren.se\/2019\/08\/20190811_4183.jpg 1024w, http:\/\/mediablomma.gillgren.se\/2019\/08\/20190811_4183-300x139.jpg 300w, http:\/\/mediablomma.gillgren.se\/2019\/08\/20190811_4183-768x355.jpg 768w, http:\/\/mediablomma.gillgren.se\/2019\/08\/20190811_4183-619x286.jpg 619w\" sizes=\"auto, (max-width: 1024px) 100vw, 1024px\" \/><figcaption>L\u00e4nsmansg\u00e5rden i \u00c5kersberga har ocks\u00e5 vackra rabatter.<\/figcaption><\/figure>\n\n\n\n<p>H\u00e4rom veckan var vi p\u00e5 L\u00e4nsmansg\u00e5rden i \u00c5kersberga. Det \u00e4r en fin tr\u00e4dg\u00e5rd med mycket blommor, s\u00e5som dahlior. D\u00e4r finns ocks\u00e5 konsthantverk. Helt underbara mattor och stickade vantar och sockor. Jag blir alltid k\u00f6psugen n\u00e4r jag ser alla vackra tumvantar, b\u00e5de broderade och m\u00f6nsterstickade. Men \u00e4nnu har jag inte k\u00f6pt n\u00e5gra. Jag har redan tre par broderade och ett par m\u00f6nsterstickade. Fast de \u00e4r som \u00f6gongodis. Tillsammans med de vackra sensommarrabatterna ger de ett avstressande intryck.<\/p>\n\n\n\n<p> P\u00e5 L\u00e4nsmansg\u00e5rden finns ocks\u00e5 ett kaf\u00e9 med de godaste kakor. Man v\u00e4ljer fr\u00e5n en stor buff\u00e9 med m\u00e5nga mjuka kakor. Tyv\u00e4rr fanns inte morotskaka n\u00e4r vi var d\u00e4r. Men \u00e4ppelpaj med vispad gr\u00e4dde \u00e4r inte dumt det heller.<\/p>\n","protected":false},"excerpt":{"rendered":"<p>Sommaren har nu \u00f6verg\u00e5tt i sensommar. Det \u00e4r n\u00e5got visst med ljuset den h\u00e4r tiden tycker jag. Solljuset \u00e4r lite r\u00f6dare och ger ett varmare sken. Kv\u00e4llarna \u00e4r ocks\u00e5 h\u00e4rliga n\u00e4r det b\u00f6rjar m\u00f6rkna. Det k\u00e4nns s\u00e5 ombonat med alla ljuslyktor. \u00d6ver matbordet h\u00e4nger en fotogenlampa. Vi brukar fortfarande sitta ute och \u00e4ta. \u00c4r kv\u00e4llen [&hellip;]<\/p>\n","protected":false},"author":1,"featured_media":0,"comment_status":"closed","ping_status":"open","sticky":false,"template":"","format":"standard","meta":{"footnotes":""},"categories":[2],"tags":[],"class_list":["post-832","post","type-post","status-publish","format-standard","hentry","category-nyheter"],"_links":{"self":[{"href":"http:\/\/tradgard.gillgren.se\/index.php?rest_route=\/wp\/v2\/posts\/832","targetHints":{"allow":["GET"]}}],"collection":[{"href":"http:\/\/tradgard.gillgren.se\/index.php?rest_route=\/wp\/v2\/posts"}],"about":[{"href":"http:\/\/tradgard.gillgren.se\/index.php?rest_route=\/wp\/v2\/types\/post"}],"author":[{"embeddable":true,"href":"http:\/\/tradgard.gillgren.se\/index.php?rest_route=\/wp\/v2\/users\/1"}],"replies":[{"embeddable":true,"href":"http:\/\/tradgard.gillgren.se\/index.php?rest_route=%2Fwp%2Fv2%2Fcomments&post=832"}],"version-history":[{"count":12,"href":"http:\/\/tradgard.gillgren.se\/index.php?rest_route=\/wp\/v2\/posts\/832\/revisions"}],"predecessor-version":[{"id":844,"href":"http:\/\/tradgard.gillgren.se\/index.php?rest_route=\/wp\/v2\/posts\/832\/revisions\/844"}],"wp:attachment":[{"href":"http:\/\/tradgard.gillgren.se\/index.php?rest_route=%2Fwp%2Fv2%2Fmedia&parent=832"}],"wp:term":[{"taxonomy":"category","embeddable":true,"href":"http:\/\/tradgard.gillgren.se\/index.php?rest_route=%2Fwp%2Fv2%2Fcategories&post=832"},{"taxonomy":"post_tag","embeddable":true,"href":"http:\/\/tradgard.gillgren.se\/index.php?rest_route=%2Fwp%2Fv2%2Ftags&post=832"}],"curies":[{"name":"wp","href":"https:\/\/api.w.org\/{rel}","templated":true}]}}