{"id":804,"date":"2019-07-15T18:38:59","date_gmt":"2019-07-15T16:38:59","guid":{"rendered":"http:\/\/tradgard.gillgren.se\/?p=804"},"modified":"2019-07-15T19:26:02","modified_gmt":"2019-07-15T17:26:02","slug":"skaneresan","status":"publish","type":"post","link":"http:\/\/tradgard.gillgren.se\/?p=804","title":{"rendered":"Sk\u00e5neresan"},"content":{"rendered":"\n<p>Vi har just nu semester. Det vill s\u00e4ga Maken har semester. Jag har ju semester j\u00e4mt.<\/p>\n\n\n\n<p>I f\u00f6rra veckan \u00e5kte vi ner till Sk\u00e5ne och Helsingborg. Resan gick bra. Vi rastade vid Gyllene Uttern, strax s\u00f6der om Gr\u00e4nna. D\u00e4r m\u00f6tte v\u00e4nnerna E och P upp. De har ett underbart torp i trakten. Vi brukar ta en fika tillsammans n\u00e4r vi \u00e5ker f\u00f6rbi. Vovven blev j\u00e4tteglad \u00f6ver att tr\u00e4ffa dem.<\/p>\n\n\n\n<p>Vi fortsatte direkt till Helsingborg. Checkade in p\u00e5 hotellet och t\u00e4nkte inte s\u00e5 mycket p\u00e5 Vovvens specifika behov just d\u00e5.<\/p>\n\n\n\n<p>N\u00e4r jag kom upp p\u00e5 rummet med henne b\u00f6rjade hon genoms\u00f6ka rummet och nosa noggrant. Naturligt, t\u00e4nkte jag. Men r\u00e4tt som det var tog hon ett spr\u00e5ng upp i s\u00e4ngen. Fram till den r\u00f6da prydnadskudden, lyfte benet och hann kissa n\u00e5gra droppar innan jag skrek &#8221;Nej!&#8221;. Vad g\u00f6r man?<\/p>\n\n\n\n<p>Maken steg in genom d\u00f6rren och kommenderade &#8221;Ut med henne&#8221;. Kudden \u00e5kte in i badrummet f\u00f6r en dusch. Och p\u00e5slakanet f\u00f6rpassades till tv\u00e4ttkorgen.<\/p>\n\n\n\n<p>Jag befann mig utanf\u00f6r hotellentr\u00e9n och visste inte vart jag skulle g\u00e5. Stenstad och trottoarer s\u00e5 l\u00e5ngt \u00f6gat n\u00e5dde. Men vi lyckades f\u00e5 till en promenad p\u00e5 gatorna. D\u00e5 uppt\u00e4ckte jag att jag varken hade bajsp\u00e5sar eller godis med.<\/p>\n\n\n\n<p>Vi gick n\u00e5gra meter och d\u00e5 satte sig Vovven p\u00e5 trottoaren och bajsade. Vad g\u00f6ra? En polisbil d\u00f6k upp och jag t\u00e4nkte att de kanske skulle stanna och s\u00e4ga till mig. Men de \u00e5kte bara f\u00f6rbi. Jag hade t\u00e4nkt fr\u00e5ga om de kunde hj\u00e4lpa till med en p\u00e5se.<\/p>\n\n\n\n<figure class=\"wp-block-image\"><img loading=\"lazy\" decoding=\"async\" width=\"1024\" height=\"462\" src=\"http:\/\/mediablomma.gillgren.se\/2019\/07\/20190709_1494-1024x462.jpg\" alt=\"\" class=\"wp-image-818\" srcset=\"http:\/\/mediablomma.gillgren.se\/2019\/07\/20190709_1494.jpg 1024w, http:\/\/mediablomma.gillgren.se\/2019\/07\/20190709_1494-300x135.jpg 300w, http:\/\/mediablomma.gillgren.se\/2019\/07\/20190709_1494-768x347.jpg 768w, http:\/\/mediablomma.gillgren.se\/2019\/07\/20190709_1494-619x279.jpg 619w\" sizes=\"auto, (max-width: 1024px) 100vw, 1024px\" \/><figcaption>Maken och Vovven promenerar l\u00e4ngs den bl\u00e5 och vita tr\u00e4dg\u00e5rdsg\u00e5ngen p\u00e5 Sofiero.<\/figcaption><\/figure>\n\n\n\n<p>Tr\u00e4dg\u00e5rdsvandringar<\/p>\n\n\n\n<p>Parken vid Sofiero och Fredriksdals tr\u00e4dg\u00e5rd \u00e4r alltid v\u00e4rda ett bes\u00f6k. \u00c4ven hundar \u00e4r v\u00e4lkomna.<\/p>\n\n\n\n<p>Vi brukar alltid s\u00f6ka upp rosen Ghislaine de F\u00e9ligonde. Vi s\u00e5g genast att den v\u00e4lsk\u00f6tta rosen i Fredriksdal hade mycket m\u00f6rkare blad och mer f\u00e4rgrika blommor \u00e4n v\u00e5r har. P\u00e5 v\u00e4gen till hotellet \u00e5kte vi in till Flora Linn\u00e9a f\u00f6r att f\u00e5 r\u00e5d av tr\u00e4dg\u00e5rdsm\u00e4staren. F\u00f6r lite g\u00f6dsel och \u00e4ven torka trodde hon var anledningen till att rosen bleknat. Det l\u00e4t rimligt. Egentligen ska man ju inte g\u00f6dsla en ros efter midsommar eftersom den ska hinna f\u00f6rbereda sig f\u00f6r vintern. Men i det h\u00e4r fallet tyckte hon absolut att vi skulle g\u00f6dsla.<\/p>\n\n\n\n<p>Sagt och gjort. Vi har g\u00f6dslat med pellets speciellt f\u00f6r rosor och vattnat ordentligt. Idag regnar det ocks\u00e5 s\u00e5 nu hoppas vi att rosen ska piggna till.<\/p>\n\n\n\n<figure class=\"wp-block-image\"><img loading=\"lazy\" decoding=\"async\" width=\"1024\" height=\"563\" src=\"http:\/\/mediablomma.gillgren.se\/2019\/07\/20190709_1502-1024x563.jpg\" alt=\"\" class=\"wp-image-815\" srcset=\"http:\/\/mediablomma.gillgren.se\/2019\/07\/20190709_1502.jpg 1024w, http:\/\/mediablomma.gillgren.se\/2019\/07\/20190709_1502-300x165.jpg 300w, http:\/\/mediablomma.gillgren.se\/2019\/07\/20190709_1502-768x422.jpg 768w, http:\/\/mediablomma.gillgren.se\/2019\/07\/20190709_1502-619x340.jpg 619w\" sizes=\"auto, (max-width: 1024px) 100vw, 1024px\" \/><figcaption>Fiskel\u00e4get i Arild ligger p\u00e5 Kullabergs sluttning mot Sk\u00e4lderviken.<\/figcaption><\/figure>\n\n\n\n<p>Fiskel\u00e4gen<\/p>\n\n\n\n<p>L\u00e4ngs Kullabergs norra sida ligger flera gamla fiskel\u00e4gen. Arild \u00e4r det finaste i mitt tycke. Numera finns ett litet kaf\u00e9 i en sj\u00f6bod p\u00e5 piren. Det \u00e4r s\u00e5 sk\u00f6nt att sitta d\u00e4r och dricka sitt kaffe och lyssna till m\u00e5sarna och v\u00e5gskvalpet.<\/p>\n\n\n\n<p>I Svanshall finns en mycket fin liten restaurang. Vi \u00e5ker dit f\u00f6r att jag en g\u00e5ng om \u00e5ret ska f\u00e5 njuta av deras r\u00f6dsp\u00e4tta med stekta champinjoner. Den h\u00e4r r\u00f6dsp\u00e4ttan \u00e4r smakm\u00e4ssigt l\u00e5ngt ifr\u00e5n den man k\u00f6per hemma. Inget halkigt skinn p\u00e5 undersidan. Och sen \u00e4r den tjock ocks\u00e5. Helt ljuvlig.<\/p>\n\n\n\n<p>Numera k\u00e4nner personalen igen oss. I \u00e5r hade vi ocks\u00e5 med oss Vovven. D\u00e4rf\u00f6r var vi h\u00e4nvisade till att sitta ute. Vi fick ett bord i l\u00e4. Solen sken, men vinden var lite kylig.<\/p>\n\n\n\n<figure class=\"wp-block-image\"><img loading=\"lazy\" decoding=\"async\" width=\"1024\" height=\"656\" src=\"http:\/\/mediablomma.gillgren.se\/2019\/07\/201907009_1512-1024x656.jpg\" alt=\"\" class=\"wp-image-817\" srcset=\"http:\/\/mediablomma.gillgren.se\/2019\/07\/201907009_1512.jpg 1024w, http:\/\/mediablomma.gillgren.se\/2019\/07\/201907009_1512-300x192.jpg 300w, http:\/\/mediablomma.gillgren.se\/2019\/07\/201907009_1512-768x492.jpg 768w, http:\/\/mediablomma.gillgren.se\/2019\/07\/201907009_1512-619x397.jpg 619w\" sizes=\"auto, (max-width: 1024px) 100vw, 1024px\" \/><figcaption>I Arild v\u00e4xer Stockrosor l\u00e4ngs husv\u00e4ggarna.<\/figcaption><\/figure>\n\n\n\n<p>Sl\u00e4kttr\u00e4ffen<\/p>\n\n\n\n<p>Vi brukar alltid f\u00f6rs\u00f6ka h\u00e4lsa p\u00e5 min Syssling E som har sommarhus i B\u00e5stad. Hennes stora familj med barn, barnbarn och bonusbarn och bonusbarnbarn. Det \u00e4r inte ovanligt att de \u00e4r 20 personer i det smart inredda huset.<\/p>\n\n\n\n<p>Det var f\u00f6rsta g\u00e5ngen de tr\u00e4ffade Vovven. Och Vovven stod ut med att tre\u00e5riga Lilla L och hennes Lillebror O klappade henne b\u00e5de moth\u00e5rs och medh\u00e5rs och \u00f6ver ansiktet. Vi har nog f\u00e5tt v\u00e4rldens sn\u00e4llaste hund.<\/p>\n\n\n\n<figure class=\"wp-block-image\"><img loading=\"lazy\" decoding=\"async\" width=\"1024\" height=\"432\" src=\"http:\/\/mediablomma.gillgren.se\/2019\/06\/20190620_3613-1024x432.jpg\" alt=\"\" class=\"wp-image-791\" srcset=\"http:\/\/mediablomma.gillgren.se\/2019\/06\/20190620_3613.jpg 1024w, http:\/\/mediablomma.gillgren.se\/2019\/06\/20190620_3613-300x127.jpg 300w, http:\/\/mediablomma.gillgren.se\/2019\/06\/20190620_3613-768x324.jpg 768w, http:\/\/mediablomma.gillgren.se\/2019\/06\/20190620_3613-619x261.jpg 619w\" sizes=\"auto, (max-width: 1024px) 100vw, 1024px\" \/><figcaption>N\u00e4r vi kom hem blommade Etude, v\u00e5r kl\u00e4tterros, fortfarande.<\/figcaption><\/figure>\n","protected":false},"excerpt":{"rendered":"<p>Vi har just nu semester. Det vill s\u00e4ga Maken har semester. Jag har ju semester j\u00e4mt. I f\u00f6rra veckan \u00e5kte vi ner till Sk\u00e5ne och Helsingborg. Resan gick bra. Vi rastade vid Gyllene Uttern, strax s\u00f6der om Gr\u00e4nna. D\u00e4r m\u00f6tte v\u00e4nnerna E och P upp. De har ett underbart torp i trakten. Vi brukar ta [&hellip;]<\/p>\n","protected":false},"author":1,"featured_media":0,"comment_status":"closed","ping_status":"open","sticky":false,"template":"","format":"standard","meta":{"footnotes":""},"categories":[2],"tags":[],"class_list":["post-804","post","type-post","status-publish","format-standard","hentry","category-nyheter"],"_links":{"self":[{"href":"http:\/\/tradgard.gillgren.se\/index.php?rest_route=\/wp\/v2\/posts\/804","targetHints":{"allow":["GET"]}}],"collection":[{"href":"http:\/\/tradgard.gillgren.se\/index.php?rest_route=\/wp\/v2\/posts"}],"about":[{"href":"http:\/\/tradgard.gillgren.se\/index.php?rest_route=\/wp\/v2\/types\/post"}],"author":[{"embeddable":true,"href":"http:\/\/tradgard.gillgren.se\/index.php?rest_route=\/wp\/v2\/users\/1"}],"replies":[{"embeddable":true,"href":"http:\/\/tradgard.gillgren.se\/index.php?rest_route=%2Fwp%2Fv2%2Fcomments&post=804"}],"version-history":[{"count":12,"href":"http:\/\/tradgard.gillgren.se\/index.php?rest_route=\/wp\/v2\/posts\/804\/revisions"}],"predecessor-version":[{"id":822,"href":"http:\/\/tradgard.gillgren.se\/index.php?rest_route=\/wp\/v2\/posts\/804\/revisions\/822"}],"wp:attachment":[{"href":"http:\/\/tradgard.gillgren.se\/index.php?rest_route=%2Fwp%2Fv2%2Fmedia&parent=804"}],"wp:term":[{"taxonomy":"category","embeddable":true,"href":"http:\/\/tradgard.gillgren.se\/index.php?rest_route=%2Fwp%2Fv2%2Fcategories&post=804"},{"taxonomy":"post_tag","embeddable":true,"href":"http:\/\/tradgard.gillgren.se\/index.php?rest_route=%2Fwp%2Fv2%2Ftags&post=804"}],"curies":[{"name":"wp","href":"https:\/\/api.w.org\/{rel}","templated":true}]}}