{"id":780,"date":"2019-06-09T16:10:29","date_gmt":"2019-06-09T14:10:29","guid":{"rendered":"http:\/\/tradgard.gillgren.se\/?p=780"},"modified":"2019-06-09T16:10:29","modified_gmt":"2019-06-09T14:10:29","slug":"fika-med-vovven","status":"publish","type":"post","link":"http:\/\/tradgard.gillgren.se\/?p=780","title":{"rendered":"Fika med Vovven"},"content":{"rendered":"\n<figure class=\"wp-block-image\"><img loading=\"lazy\" decoding=\"async\" width=\"1024\" height=\"343\" src=\"http:\/\/mediablomma.gillgren.se\/2019\/06\/20190608_3526-1024x343.jpg\" alt=\"\" class=\"wp-image-785\" srcset=\"http:\/\/mediablomma.gillgren.se\/2019\/06\/20190608_3526.jpg 1024w, http:\/\/mediablomma.gillgren.se\/2019\/06\/20190608_3526-300x100.jpg 300w, http:\/\/mediablomma.gillgren.se\/2019\/06\/20190608_3526-768x257.jpg 768w, http:\/\/mediablomma.gillgren.se\/2019\/06\/20190608_3526-619x207.jpg 619w\" sizes=\"auto, (max-width: 1024px) 100vw, 1024px\" \/><figcaption>Den v\u00e4ldoftande rosen har just slagit ut.<\/figcaption><\/figure>\n\n\n\n<p>Det k\u00e4nns som om sommaren b\u00f6rjat. Vi \u00e4r redan i mitten av juni. V\u00e5r vita ros som doftar s\u00e5 gott har massor av knoppar. Rosen Ghislaine de F\u00e9ligonde har klarat vintern. Den har ocks\u00e5 knoppar. Men \u00e4ven l\u00f6ss s\u00e5g jag just. Det blir att ta fram sprutan med s\u00e5pvatten till kv\u00e4llen.<\/p>\n\n\n\n<p>V\u00e5r Vovve visar sig ha oanade talanger som tr\u00e4dg\u00e5rdsm\u00e4stare. Hon gr\u00e4ver och drar upp r\u00f6tter. Vi leker med bollen f\u00f6r att avleda och den gillar hon. Sen l\u00e4gger hon sig i solen och bara trivs.<\/p>\n\n\n\n<p>I helgen var vi p\u00e5 Sj\u00f6kaf\u00e9et i Lillsved. De har s\u00e5 gott br\u00f6d. Och lunchr\u00e4tter med f\u00f6r den delen. Jag tog en ljuvlig bl\u00e5b\u00e4rspaj.<\/p>\n\n\n\n<p>Vovven fick f\u00f6lja med upp p\u00e5 verandan. Det st\u00e4llet var nytt f\u00f6r henne. D\u00e4r fanns alltf\u00f6r mycket att titta p\u00e5 och unders\u00f6ka. Oj oj. Hon snodde in sig i kopplet mellan stolarna. Det var inte s\u00e5 d\u00e4r stillsamt som hon brukar ta sig an andra saker. F\u00f6rmodligen doftade det v\u00e4l gott fr\u00e5n k\u00f6ket.<\/p>\n\n\n\n<p>Den h\u00e4r tiden p\u00e5 \u00e5ret l\u00e4ngtar jag efter att baka &#8211; och \u00e4ta &#8211; b\u00e4rpajer. Jag s\u00e5g ett recept hos Ica som jag g\u00e4rna vill pr\u00f6va. Det var en paj med ingef\u00e4ra och rabarber. L\u00e4t gott.<\/p>\n\n\n\n<p><\/p>\n","protected":false},"excerpt":{"rendered":"<p>Det k\u00e4nns som om sommaren b\u00f6rjat. Vi \u00e4r redan i mitten av juni. V\u00e5r vita ros som doftar s\u00e5 gott har massor av knoppar. Rosen Ghislaine de F\u00e9ligonde har klarat vintern. Den har ocks\u00e5 knoppar. Men \u00e4ven l\u00f6ss s\u00e5g jag just. Det blir att ta fram sprutan med s\u00e5pvatten till kv\u00e4llen. V\u00e5r Vovve visar sig [&hellip;]<\/p>\n","protected":false},"author":1,"featured_media":0,"comment_status":"closed","ping_status":"open","sticky":false,"template":"","format":"standard","meta":{"footnotes":""},"categories":[1],"tags":[],"class_list":["post-780","post","type-post","status-publish","format-standard","hentry","category-uncategorized"],"_links":{"self":[{"href":"http:\/\/tradgard.gillgren.se\/index.php?rest_route=\/wp\/v2\/posts\/780","targetHints":{"allow":["GET"]}}],"collection":[{"href":"http:\/\/tradgard.gillgren.se\/index.php?rest_route=\/wp\/v2\/posts"}],"about":[{"href":"http:\/\/tradgard.gillgren.se\/index.php?rest_route=\/wp\/v2\/types\/post"}],"author":[{"embeddable":true,"href":"http:\/\/tradgard.gillgren.se\/index.php?rest_route=\/wp\/v2\/users\/1"}],"replies":[{"embeddable":true,"href":"http:\/\/tradgard.gillgren.se\/index.php?rest_route=%2Fwp%2Fv2%2Fcomments&post=780"}],"version-history":[{"count":4,"href":"http:\/\/tradgard.gillgren.se\/index.php?rest_route=\/wp\/v2\/posts\/780\/revisions"}],"predecessor-version":[{"id":786,"href":"http:\/\/tradgard.gillgren.se\/index.php?rest_route=\/wp\/v2\/posts\/780\/revisions\/786"}],"wp:attachment":[{"href":"http:\/\/tradgard.gillgren.se\/index.php?rest_route=%2Fwp%2Fv2%2Fmedia&parent=780"}],"wp:term":[{"taxonomy":"category","embeddable":true,"href":"http:\/\/tradgard.gillgren.se\/index.php?rest_route=%2Fwp%2Fv2%2Fcategories&post=780"},{"taxonomy":"post_tag","embeddable":true,"href":"http:\/\/tradgard.gillgren.se\/index.php?rest_route=%2Fwp%2Fv2%2Ftags&post=780"}],"curies":[{"name":"wp","href":"https:\/\/api.w.org\/{rel}","templated":true}]}}