{"id":776,"date":"2019-05-26T15:51:34","date_gmt":"2019-05-26T13:51:34","guid":{"rendered":"http:\/\/tradgard.gillgren.se\/?p=776"},"modified":"2019-05-26T15:51:34","modified_gmt":"2019-05-26T13:51:34","slug":"regnpromenad","status":"publish","type":"post","link":"http:\/\/tradgard.gillgren.se\/?p=776","title":{"rendered":"Regnpromenad"},"content":{"rendered":"\n<figure class=\"wp-block-image\"><img loading=\"lazy\" decoding=\"async\" width=\"1024\" height=\"568\" src=\"http:\/\/mediablomma.gillgren.se\/2019\/05\/20190525_3392-1024x568.jpg\" alt=\"\" class=\"wp-image-772\" srcset=\"http:\/\/mediablomma.gillgren.se\/2019\/05\/20190525_3392.jpg 1024w, http:\/\/mediablomma.gillgren.se\/2019\/05\/20190525_3392-300x166.jpg 300w, http:\/\/mediablomma.gillgren.se\/2019\/05\/20190525_3392-768x426.jpg 768w, http:\/\/mediablomma.gillgren.se\/2019\/05\/20190525_3392-619x343.jpg 619w\" sizes=\"auto, (max-width: 1024px) 100vw, 1024px\" \/><\/figure>\n\n\n\n<p>Vi har ju en v\u00e5r- och f\u00f6rsommartr\u00e4dg\u00e5rd. Just nu blommar mossfloxen. Den bildar tuvor och lyser upp med sin rosa f\u00e4rg.<\/p>\n\n\n\n<p>Idag har det regnat igen. H\u00e4rligt, tycker jag. Vi tog bilen till Bergianska f\u00f6r att promenera d\u00e4r. N\u00e4r vi steg ur bilen b\u00f6rjade det regna ordentligt. Vovven \u00e4r v\u00e4l inte alltf\u00f6r f\u00f6rtjust i det bl\u00f6ta, men hon finner sig i det. Det bl\u00e5ste ocks\u00e5 och v\u00e5ra kl\u00e4der var inte helt vattent\u00e4ta.<\/p>\n\n\n\n<p>Det blev bara en hastig promenad runt udden nedanf\u00f6r rhododendrondalen. Vi gick f\u00f6rbi Gamla orangeriet. T\u00e4nk att folk satt ute under de stora parasollen. Det var verkligen k\u00f6 inne. Massor av folk. S\u00e5 efter ett kort bes\u00f6k p\u00e5 Plantagen \u00e5kte vi  hem\u00e5t f\u00f6r att fika.<\/p>\n\n\n\n<p>Plantagen hade inte vad jag s\u00f6kte: rosen som kallas Morsdagsros. Den har r\u00f6da blommor och v\u00e4xer lite g\u00e4ngligt. Har aldrig haft n\u00e5gon, men den kanske kan v\u00e4xa i sin kruka hela sommaren.<\/p>\n","protected":false},"excerpt":{"rendered":"<p>Vi har ju en v\u00e5r- och f\u00f6rsommartr\u00e4dg\u00e5rd. Just nu blommar mossfloxen. Den bildar tuvor och lyser upp med sin rosa f\u00e4rg. Idag har det regnat igen. H\u00e4rligt, tycker jag. Vi tog bilen till Bergianska f\u00f6r att promenera d\u00e4r. N\u00e4r vi steg ur bilen b\u00f6rjade det regna ordentligt. Vovven \u00e4r v\u00e4l inte alltf\u00f6r f\u00f6rtjust i det [&hellip;]<\/p>\n","protected":false},"author":1,"featured_media":0,"comment_status":"closed","ping_status":"open","sticky":false,"template":"","format":"standard","meta":{"footnotes":""},"categories":[2],"tags":[],"class_list":["post-776","post","type-post","status-publish","format-standard","hentry","category-nyheter"],"_links":{"self":[{"href":"http:\/\/tradgard.gillgren.se\/index.php?rest_route=\/wp\/v2\/posts\/776","targetHints":{"allow":["GET"]}}],"collection":[{"href":"http:\/\/tradgard.gillgren.se\/index.php?rest_route=\/wp\/v2\/posts"}],"about":[{"href":"http:\/\/tradgard.gillgren.se\/index.php?rest_route=\/wp\/v2\/types\/post"}],"author":[{"embeddable":true,"href":"http:\/\/tradgard.gillgren.se\/index.php?rest_route=\/wp\/v2\/users\/1"}],"replies":[{"embeddable":true,"href":"http:\/\/tradgard.gillgren.se\/index.php?rest_route=%2Fwp%2Fv2%2Fcomments&post=776"}],"version-history":[{"count":2,"href":"http:\/\/tradgard.gillgren.se\/index.php?rest_route=\/wp\/v2\/posts\/776\/revisions"}],"predecessor-version":[{"id":778,"href":"http:\/\/tradgard.gillgren.se\/index.php?rest_route=\/wp\/v2\/posts\/776\/revisions\/778"}],"wp:attachment":[{"href":"http:\/\/tradgard.gillgren.se\/index.php?rest_route=%2Fwp%2Fv2%2Fmedia&parent=776"}],"wp:term":[{"taxonomy":"category","embeddable":true,"href":"http:\/\/tradgard.gillgren.se\/index.php?rest_route=%2Fwp%2Fv2%2Fcategories&post=776"},{"taxonomy":"post_tag","embeddable":true,"href":"http:\/\/tradgard.gillgren.se\/index.php?rest_route=%2Fwp%2Fv2%2Ftags&post=776"}],"curies":[{"name":"wp","href":"https:\/\/api.w.org\/{rel}","templated":true}]}}