{"id":767,"date":"2019-05-26T15:28:08","date_gmt":"2019-05-26T13:28:08","guid":{"rendered":"http:\/\/tradgard.gillgren.se\/?p=767"},"modified":"2019-05-26T15:29:59","modified_gmt":"2019-05-26T13:29:59","slug":"767","status":"publish","type":"post","link":"http:\/\/tradgard.gillgren.se\/?p=767","title":{"rendered":"Naturen i sitt f\u00f6rsommarflor"},"content":{"rendered":"\n<figure class=\"wp-block-image\"><img loading=\"lazy\" decoding=\"async\" width=\"1024\" height=\"581\" src=\"http:\/\/mediablomma.gillgren.se\/2019\/05\/20190513_1469-1024x581.jpg\" alt=\"\" class=\"wp-image-770\" srcset=\"http:\/\/mediablomma.gillgren.se\/2019\/05\/20190513_1469.jpg 1024w, http:\/\/mediablomma.gillgren.se\/2019\/05\/20190513_1469-300x170.jpg 300w, http:\/\/mediablomma.gillgren.se\/2019\/05\/20190513_1469-768x436.jpg 768w, http:\/\/mediablomma.gillgren.se\/2019\/05\/20190513_1469-619x351.jpg 619w\" sizes=\"auto, (max-width: 1024px) 100vw, 1024px\" \/><\/figure>\n\n\n\n<p>Hur blev det nu? Fick skomakaren n\u00e5gon semester mellan h\u00e4gg och syren? H\u00e4ggen slog ut sitt vita flor och efter ett par dagar b\u00f6rjade syrenen blomma. Det doftar s\u00e5 gott.<\/p>\n\n\n\n<figure class=\"wp-block-image\"><img loading=\"lazy\" decoding=\"async\" width=\"1024\" height=\"768\" src=\"http:\/\/mediablomma.gillgren.se\/2019\/05\/20190521_3349-1024x768.jpg\" alt=\"\" class=\"wp-image-771\" srcset=\"http:\/\/mediablomma.gillgren.se\/2019\/05\/20190521_3349.jpg 1024w, http:\/\/mediablomma.gillgren.se\/2019\/05\/20190521_3349-300x225.jpg 300w, http:\/\/mediablomma.gillgren.se\/2019\/05\/20190521_3349-768x576.jpg 768w, http:\/\/mediablomma.gillgren.se\/2019\/05\/20190521_3349-619x464.jpg 619w\" sizes=\"auto, (max-width: 1024px) 100vw, 1024px\" \/><\/figure>\n\n\n\n<p>Det doftade ocks\u00e5 ljuvligt n\u00e4r det regnade h\u00e4romdagen. Idag regnade det igen. Naturen k\u00e4nns s\u00e5 fr\u00e4sch efter ett regn. Men Vovven tyckte inte att regnet var n\u00e5gon h\u00f6jdare. Hon ville bara hem. Och &#8221;p\u00e5 toa&#8221; hade hon ju varit vid sextiden. Vi som ska g\u00e5 p\u00e5 l\u00e5ngpromenad med v\u00e4ninna E p\u00e5 eftermiddagen.<\/p>\n\n\n\n<p>Ig\u00e5r h\u00f6rde Vovven och jag n\u00e4ktergalen sjunga n\u00e4r vi var p\u00e5 morgonpromenad. Den l\u00e5ter v\u00e4ldigt exotisk.<\/p>\n\n\n\n<p>I helgen var vi p\u00e5 fem\u00e5rskalas. Vovven var f\u00f6rst\u00e5s med. Hon \u00e4r ju otroligt l\u00e4tt att ha med sig. Tyst och stillsam n\u00e4r hon g\u00e5r runt p\u00e5 uppt\u00e4cktsf\u00e4rd.<\/p>\n\n\n\n<p>Annat var det n\u00e4r hon blev varse att grannen har katter. Hon sk\u00e4llde som en hund brukar g\u00f6ra. Vi har ju aldrig h\u00f6rt henne sk\u00e4lla f\u00f6rut. Hon kan morra lite \u00e5t koltrasten och tjafsa lite, men inte sk\u00e4lla. Fast hon viftade p\u00e5 svansen s\u00e5 hon m\u00e5ste ju tyckt att katten verkade rolig.<\/p>\n\n\n\n<figure class=\"wp-block-image\"><img loading=\"lazy\" decoding=\"async\" width=\"1024\" height=\"530\" src=\"http:\/\/mediablomma.gillgren.se\/2019\/05\/20190519_1472-1024x530.jpg\" alt=\"\" class=\"wp-image-769\" srcset=\"http:\/\/mediablomma.gillgren.se\/2019\/05\/20190519_1472.jpg 1024w, http:\/\/mediablomma.gillgren.se\/2019\/05\/20190519_1472-300x155.jpg 300w, http:\/\/mediablomma.gillgren.se\/2019\/05\/20190519_1472-768x398.jpg 768w, http:\/\/mediablomma.gillgren.se\/2019\/05\/20190519_1472-619x320.jpg 619w\" sizes=\"auto, (max-width: 1024px) 100vw, 1024px\" \/><figcaption>Vad kan detta vara f\u00f6r tr\u00e4d? Det ser ut att vara en rosa h\u00e4gg. Finns det f\u00f6r\u00e4dlad h\u00e4gg?<\/figcaption><\/figure>\n","protected":false},"excerpt":{"rendered":"<p>Hur blev det nu? Fick skomakaren n\u00e5gon semester mellan h\u00e4gg och syren? H\u00e4ggen slog ut sitt vita flor och efter ett par dagar b\u00f6rjade syrenen blomma. Det doftar s\u00e5 gott. Det doftade ocks\u00e5 ljuvligt n\u00e4r det regnade h\u00e4romdagen. Idag regnade det igen. Naturen k\u00e4nns s\u00e5 fr\u00e4sch efter ett regn. Men Vovven tyckte inte att regnet [&hellip;]<\/p>\n","protected":false},"author":1,"featured_media":0,"comment_status":"closed","ping_status":"open","sticky":false,"template":"","format":"standard","meta":{"footnotes":""},"categories":[2],"tags":[],"class_list":["post-767","post","type-post","status-publish","format-standard","hentry","category-nyheter"],"_links":{"self":[{"href":"http:\/\/tradgard.gillgren.se\/index.php?rest_route=\/wp\/v2\/posts\/767","targetHints":{"allow":["GET"]}}],"collection":[{"href":"http:\/\/tradgard.gillgren.se\/index.php?rest_route=\/wp\/v2\/posts"}],"about":[{"href":"http:\/\/tradgard.gillgren.se\/index.php?rest_route=\/wp\/v2\/types\/post"}],"author":[{"embeddable":true,"href":"http:\/\/tradgard.gillgren.se\/index.php?rest_route=\/wp\/v2\/users\/1"}],"replies":[{"embeddable":true,"href":"http:\/\/tradgard.gillgren.se\/index.php?rest_route=%2Fwp%2Fv2%2Fcomments&post=767"}],"version-history":[{"count":4,"href":"http:\/\/tradgard.gillgren.se\/index.php?rest_route=\/wp\/v2\/posts\/767\/revisions"}],"predecessor-version":[{"id":775,"href":"http:\/\/tradgard.gillgren.se\/index.php?rest_route=\/wp\/v2\/posts\/767\/revisions\/775"}],"wp:attachment":[{"href":"http:\/\/tradgard.gillgren.se\/index.php?rest_route=%2Fwp%2Fv2%2Fmedia&parent=767"}],"wp:term":[{"taxonomy":"category","embeddable":true,"href":"http:\/\/tradgard.gillgren.se\/index.php?rest_route=%2Fwp%2Fv2%2Fcategories&post=767"},{"taxonomy":"post_tag","embeddable":true,"href":"http:\/\/tradgard.gillgren.se\/index.php?rest_route=%2Fwp%2Fv2%2Ftags&post=767"}],"curies":[{"name":"wp","href":"https:\/\/api.w.org\/{rel}","templated":true}]}}